{"id":691,"date":"2019-11-14T18:27:00","date_gmt":"2019-11-14T17:27:00","guid":{"rendered":"https:\/\/www.insulair-parapente.re\/?p=691"},"modified":"2023-07-12T16:12:58","modified_gmt":"2023-07-12T12:12:58","slug":"a-partir-de-et-jusqua-quel-age-peut-on-voler-en-parapente","status":"publish","type":"post","link":"https:\/\/www.insulair-parapente.re\/index.php\/2019\/11\/14\/a-partir-de-et-jusqua-quel-age-peut-on-voler-en-parapente\/","title":{"rendered":"\u00c2GE POUR VOLER EN PARAPENTE"},"content":{"rendered":"\n<h1 class=\"wp-block-heading\">Peut-on faire du parapente \u00e0 tous&nbsp;\u00e2ges ?<\/h1>\n\n\n\n<p>&nbsp;OUI, de 4 \u00e0 + de 90 ans. Des sellettes &amp; des casques sp\u00e9cifiques sont utilis\u00e9es pour les enfants et la seule condition \u00e9tant que cela vienne de leur propre d\u00e9cision de vouloir voler en parapente. Pour le reste du public, les seules restrictions sont de pouvoir courir 15 m\u00e8tres maximum et de ne pas souffrir d&#8217;ob\u00e9sit\u00e9 &amp; de probl\u00e8mes cardiaques.<\/p>\n\n\n\n<h2 class=\"wp-block-heading\">Tentez l&#8217;aventure et vivez votre bapt\u00eame de<strong>&nbsp;parapente \u00e0 Saint-Leu \u00e0 La R\u00e9union<\/strong>,<\/h2>\n\n\n\n<h3 class=\"wp-block-heading\"><a href=\"https:\/\/www.insulair-parapente.re\/index.php\/reservez-votre-bapteme-de-parapente-a-la-reunion\/\" target=\"_blank\" rel=\"noreferrer noopener\">R\u00e9servez votre bapt\u00eame d\u00e8s maintenenant !&nbsp;<\/a><\/h3>\n","protected":false},"excerpt":{"rendered":"<p>Peut-on faire du parapente \u00e0 tous&nbsp;\u00e2ges ? &nbsp;OUI, de 4 \u00e0 + de 90 ans. Des sellettes &amp; des casques sp\u00e9cifiques sont utilis\u00e9es pour les enfants et la seule condition \u00e9tant que cela vienne de leur propre d\u00e9cision de vouloir voler en parapente. Pour le reste du public, les seules restrictions sont de pouvoir courir [&hellip;]<\/p>\n","protected":false},"author":1,"featured_media":0,"comment_status":"open","ping_status":"open","sticky":false,"template":"","format":"standard","meta":{"footnotes":""},"categories":[1],"tags":[],"class_list":["post-691","post","type-post","status-publish","format-standard","hentry","category-blog-parapente"],"yoast_head":"<!-- This site is optimized with the Yoast SEO Premium plugin v27.3 (Yoast SEO v27.5) - https:\/\/yoast.com\/product\/yoast-seo-premium-wordpress\/ -->\n<title>\u00c2GE POUR VOLER EN PARAPENTE - Parapente R\u00e9union<\/title>\n<meta name=\"description\" content=\"L&#039;\u00e2ge pour voler en parapente est de 4\/5ans \u00e0 plus de 80 ans mais l&#039;essentiel restera la motivation pour voler et prendre du plaisir.\" \/>\n<meta name=\"robots\" content=\"index, follow, max-snippet:-1, max-image-preview:large, max-video-preview:-1\" \/>\n<link rel=\"canonical\" href=\"https:\/\/www.insulair-parapente.re\/index.php\/2019\/11\/14\/a-partir-de-et-jusqua-quel-age-peut-on-voler-en-parapente\/\" \/>\n<meta property=\"og:locale\" content=\"fr_FR\" \/>\n<meta property=\"og:type\" content=\"article\" \/>\n<meta property=\"og:title\" content=\"\u00c2GE POUR VOLER EN PARAPENTE\" \/>\n<meta property=\"og:description\" content=\"L&#039;\u00e2ge pour voler en parapente est de 4\/5ans \u00e0 plus de 80 ans mais l&#039;essentiel restera la motivation pour voler et prendre du plaisir.\" \/>\n<meta property=\"og:url\" content=\"https:\/\/www.insulair-parapente.re\/index.php\/2019\/11\/14\/a-partir-de-et-jusqua-quel-age-peut-on-voler-en-parapente\/\" \/>\n<meta property=\"og:site_name\" content=\"Parapente R\u00e9union\" \/>\n<meta property=\"article:publisher\" content=\"https:\/\/www.facebook.com\/insulair.parapente.re\/?ref=bookmarks\" \/>\n<meta property=\"article:published_time\" content=\"2019-11-14T17:27:00+00:00\" \/>\n<meta property=\"article:modified_time\" content=\"2023-07-12T12:12:58+00:00\" \/>\n<meta property=\"og:image\" content=\"https:\/\/www.insulair-parapente.re\/wp-content\/uploads\/2022\/03\/cropped-YxlVrFji_400x400.jpg\" \/>\n\t<meta property=\"og:image:width\" content=\"512\" \/>\n\t<meta property=\"og:image:height\" content=\"512\" \/>\n\t<meta property=\"og:image:type\" content=\"image\/jpeg\" \/>\n<meta name=\"author\" content=\"Olivier MALTETE\" \/>\n<meta name=\"twitter:card\" content=\"summary_large_image\" \/>\n<meta name=\"twitter:label1\" content=\"\u00c9crit par\" \/>\n\t<meta name=\"twitter:data1\" content=\"Olivier MALTETE\" \/>\n\t<meta name=\"twitter:label2\" content=\"Dur\u00e9e de lecture estim\u00e9e\" \/>\n\t<meta name=\"twitter:data2\" content=\"1 minute\" \/>\n<!-- \/ Yoast SEO Premium plugin. -->","yoast_head_json":{"title":"\u00c2GE POUR VOLER EN PARAPENTE - Parapente R\u00e9union","description":"L'\u00e2ge pour voler en parapente est de 4\/5ans \u00e0 plus de 80 ans mais l'essentiel restera la motivation pour voler et prendre du plaisir.","robots":{"index":"index","follow":"follow","max-snippet":"max-snippet:-1","max-image-preview":"max-image-preview:large","max-video-preview":"max-video-preview:-1"},"canonical":"https:\/\/www.insulair-parapente.re\/index.php\/2019\/11\/14\/a-partir-de-et-jusqua-quel-age-peut-on-voler-en-parapente\/","og_locale":"fr_FR","og_type":"article","og_title":"\u00c2GE POUR VOLER EN PARAPENTE","og_description":"L'\u00e2ge pour voler en parapente est de 4\/5ans \u00e0 plus de 80 ans mais l'essentiel restera la motivation pour voler et prendre du plaisir.","og_url":"https:\/\/www.insulair-parapente.re\/index.php\/2019\/11\/14\/a-partir-de-et-jusqua-quel-age-peut-on-voler-en-parapente\/","og_site_name":"Parapente R\u00e9union","article_publisher":"https:\/\/www.facebook.com\/insulair.parapente.re\/?ref=bookmarks","article_published_time":"2019-11-14T17:27:00+00:00","article_modified_time":"2023-07-12T12:12:58+00:00","og_image":[{"width":512,"height":512,"url":"https:\/\/www.insulair-parapente.re\/wp-content\/uploads\/2022\/03\/cropped-YxlVrFji_400x400.jpg","type":"image\/jpeg"}],"author":"Olivier MALTETE","twitter_card":"summary_large_image","twitter_misc":{"\u00c9crit par":"Olivier MALTETE","Dur\u00e9e de lecture estim\u00e9e":"1 minute"},"schema":{"@context":"https:\/\/schema.org","@graph":[{"@type":"Article","@id":"https:\/\/www.insulair-parapente.re\/index.php\/2019\/11\/14\/a-partir-de-et-jusqua-quel-age-peut-on-voler-en-parapente\/#article","isPartOf":{"@id":"https:\/\/www.insulair-parapente.re\/index.php\/2019\/11\/14\/a-partir-de-et-jusqua-quel-age-peut-on-voler-en-parapente\/"},"author":{"name":"Olivier MALTETE","@id":"https:\/\/www.insulair-parapente.re\/#\/schema\/person\/88a1037ea184bdc0a0fa72544aa3c20d"},"headline":"\u00c2GE POUR VOLER EN PARAPENTE","datePublished":"2019-11-14T17:27:00+00:00","dateModified":"2023-07-12T12:12:58+00:00","mainEntityOfPage":{"@id":"https:\/\/www.insulair-parapente.re\/index.php\/2019\/11\/14\/a-partir-de-et-jusqua-quel-age-peut-on-voler-en-parapente\/"},"wordCount":98,"commentCount":2,"publisher":{"@id":"https:\/\/www.insulair-parapente.re\/#organization"},"articleSection":["Blog parapente"],"inLanguage":"fr-FR","potentialAction":[{"@type":"CommentAction","name":"Comment","target":["https:\/\/www.insulair-parapente.re\/index.php\/2019\/11\/14\/a-partir-de-et-jusqua-quel-age-peut-on-voler-en-parapente\/#respond"]}]},{"@type":"WebPage","@id":"https:\/\/www.insulair-parapente.re\/index.php\/2019\/11\/14\/a-partir-de-et-jusqua-quel-age-peut-on-voler-en-parapente\/","url":"https:\/\/www.insulair-parapente.re\/index.php\/2019\/11\/14\/a-partir-de-et-jusqua-quel-age-peut-on-voler-en-parapente\/","name":"\u00c2GE POUR VOLER EN PARAPENTE - Parapente R\u00e9union","isPartOf":{"@id":"https:\/\/www.insulair-parapente.re\/#website"},"datePublished":"2019-11-14T17:27:00+00:00","dateModified":"2023-07-12T12:12:58+00:00","description":"L'\u00e2ge pour voler en parapente est de 4\/5ans \u00e0 plus de 80 ans mais l'essentiel restera la motivation pour voler et prendre du plaisir.","breadcrumb":{"@id":"https:\/\/www.insulair-parapente.re\/index.php\/2019\/11\/14\/a-partir-de-et-jusqua-quel-age-peut-on-voler-en-parapente\/#breadcrumb"},"inLanguage":"fr-FR","potentialAction":[{"@type":"ReadAction","target":["https:\/\/www.insulair-parapente.re\/index.php\/2019\/11\/14\/a-partir-de-et-jusqua-quel-age-peut-on-voler-en-parapente\/"]}]},{"@type":"BreadcrumbList","@id":"https:\/\/www.insulair-parapente.re\/index.php\/2019\/11\/14\/a-partir-de-et-jusqua-quel-age-peut-on-voler-en-parapente\/#breadcrumb","itemListElement":[{"@type":"ListItem","position":1,"name":"Accueil","item":"https:\/\/www.insulair-parapente.re\/"},{"@type":"ListItem","position":2,"name":"\u00c2GE POUR VOLER EN PARAPENTE"}]},{"@type":"WebSite","@id":"https:\/\/www.insulair-parapente.re\/#website","url":"https:\/\/www.insulair-parapente.re\/","name":"Insul'air Parapente","description":"Parapente la R\u00e9union \u00e0 Saint-Leu","publisher":{"@id":"https:\/\/www.insulair-parapente.re\/#organization"},"alternateName":"insulair parapente","potentialAction":[{"@type":"SearchAction","target":{"@type":"EntryPoint","urlTemplate":"https:\/\/www.insulair-parapente.re\/?s={search_term_string}"},"query-input":{"@type":"PropertyValueSpecification","valueRequired":true,"valueName":"search_term_string"}}],"inLanguage":"fr-FR"},{"@type":"Organization","@id":"https:\/\/www.insulair-parapente.re\/#organization","name":"insul'air parapente r\u00e9union","url":"https:\/\/www.insulair-parapente.re\/","logo":{"@type":"ImageObject","inLanguage":"fr-FR","@id":"https:\/\/www.insulair-parapente.re\/#\/schema\/logo\/image\/","url":"https:\/\/www.insulair-parapente.re\/wp-content\/uploads\/2022\/03\/cropped-logo-1.png","contentUrl":"https:\/\/www.insulair-parapente.re\/wp-content\/uploads\/2022\/03\/cropped-logo-1.png","width":150,"height":100,"caption":"insul'air parapente r\u00e9union"},"image":{"@id":"https:\/\/www.insulair-parapente.re\/#\/schema\/logo\/image\/"},"sameAs":["https:\/\/www.facebook.com\/insulair.parapente.re\/?ref=bookmarks"]},{"@type":"Person","@id":"https:\/\/www.insulair-parapente.re\/#\/schema\/person\/88a1037ea184bdc0a0fa72544aa3c20d","name":"Olivier MALTETE","image":{"@type":"ImageObject","inLanguage":"fr-FR","@id":"https:\/\/secure.gravatar.com\/avatar\/14af6d7182e66126590c7b7a04ede06205ed5a6d2da8a91ead3c17b95db78737?s=96&d=mm&r=g","url":"https:\/\/secure.gravatar.com\/avatar\/14af6d7182e66126590c7b7a04ede06205ed5a6d2da8a91ead3c17b95db78737?s=96&d=mm&r=g","contentUrl":"https:\/\/secure.gravatar.com\/avatar\/14af6d7182e66126590c7b7a04ede06205ed5a6d2da8a91ead3c17b95db78737?s=96&d=mm&r=g","caption":"Olivier MALTETE"},"sameAs":["http:\/\/insulair-parapente.re"],"url":"https:\/\/www.insulair-parapente.re\/index.php\/author\/admin3614\/"}]}},"_links":{"self":[{"href":"https:\/\/www.insulair-parapente.re\/index.php\/wp-json\/wp\/v2\/posts\/691","targetHints":{"allow":["GET"]}}],"collection":[{"href":"https:\/\/www.insulair-parapente.re\/index.php\/wp-json\/wp\/v2\/posts"}],"about":[{"href":"https:\/\/www.insulair-parapente.re\/index.php\/wp-json\/wp\/v2\/types\/post"}],"author":[{"embeddable":true,"href":"https:\/\/www.insulair-parapente.re\/index.php\/wp-json\/wp\/v2\/users\/1"}],"replies":[{"embeddable":true,"href":"https:\/\/www.insulair-parapente.re\/index.php\/wp-json\/wp\/v2\/comments?post=691"}],"version-history":[{"count":0,"href":"https:\/\/www.insulair-parapente.re\/index.php\/wp-json\/wp\/v2\/posts\/691\/revisions"}],"wp:attachment":[{"href":"https:\/\/www.insulair-parapente.re\/index.php\/wp-json\/wp\/v2\/media?parent=691"}],"wp:term":[{"taxonomy":"category","embeddable":true,"href":"https:\/\/www.insulair-parapente.re\/index.php\/wp-json\/wp\/v2\/categories?post=691"},{"taxonomy":"post_tag","embeddable":true,"href":"https:\/\/www.insulair-parapente.re\/index.php\/wp-json\/wp\/v2\/tags?post=691"}],"curies":[{"name":"wp","href":"https:\/\/api.w.org\/{rel}","templated":true}]}}