{"id":697,"date":"2019-11-14T18:32:00","date_gmt":"2019-11-14T17:32:00","guid":{"rendered":"https:\/\/www.insulair-parapente.re\/?p=697"},"modified":"2023-07-12T16:08:06","modified_gmt":"2023-07-12T12:08:06","slug":"faire-du-parapente-a-la-reunion-meme-quand-on-a-le-vertige","status":"publish","type":"post","link":"https:\/\/www.insulair-parapente.re\/index.php\/2019\/11\/14\/faire-du-parapente-a-la-reunion-meme-quand-on-a-le-vertige\/","title":{"rendered":"VERTIGE ET PARAPENTE"},"content":{"rendered":"\n<h1 class=\"wp-block-heading\">A t&#8217;on le vertige en parapente ?<\/h1>\n\n\n\n<p>Absolument pas car le vertige est d\u00fb \u00e0 un d\u00e9r\u00e8glement de l&#8217;oreille interne. Pour simplifier, vos pieds touchent le sol alors que votre regard est plong\u00e9 dans le vide ce qui provoque un \u00ab bug \u00bb du cerveau dans l&#8217;interpr\u00e9tation de vos ressentis. Vous perdrez compl\u00e8tement ce d\u00e9s\u00e9quilibre une fois que vous aurez quitt\u00e9 le sol tout comme dans un avion pour poser avec le sourire jusqu&#8217;aux oreilles \u00e9merveill\u00e9 de votre vol.<\/p>\n\n\n\n<h2 class=\"wp-block-heading\">Tentez l&#8217;aventure et vivez votre bapt\u00eame de<strong>&nbsp;parapente \u00e0 Saint-Leu \u00e0 La R\u00e9union<\/strong>,<\/h2>\n\n\n\n<h3 class=\"wp-block-heading\"><a href=\"https:\/\/www.insulair-parapente.re\/index.php\/reservez-votre-bapteme-de-parapente-a-la-reunion\/\" target=\"_blank\" rel=\"noreferrer noopener\">R\u00e9servez votre bapt\u00eame d\u00e8s maintenenant !&nbsp;<\/a><\/h3>\n","protected":false},"excerpt":{"rendered":"<p>A t&#8217;on le vertige en parapente ? Absolument pas car le vertige est d\u00fb \u00e0 un d\u00e9r\u00e8glement de l&#8217;oreille interne. Pour simplifier, vos pieds touchent le sol alors que votre regard est plong\u00e9 dans le vide ce qui provoque un \u00ab bug \u00bb du cerveau dans l&#8217;interpr\u00e9tation de vos ressentis. Vous perdrez compl\u00e8tement ce d\u00e9s\u00e9quilibre [&hellip;]<\/p>\n","protected":false},"author":1,"featured_media":0,"comment_status":"open","ping_status":"open","sticky":false,"template":"","format":"standard","meta":{"footnotes":""},"categories":[1],"tags":[],"class_list":["post-697","post","type-post","status-publish","format-standard","hentry","category-blog-parapente"],"yoast_head":"<!-- This site is optimized with the Yoast SEO Premium plugin v27.3 (Yoast SEO v27.5) - https:\/\/yoast.com\/product\/yoast-seo-premium-wordpress\/ -->\n<title>VERTIGE ET PARAPENTE - Parapente R\u00e9union<\/title>\n<meta name=\"description\" content=\"La pratique du parapente est tout \u00e0 fait compatible avec la notion de vertige car vous ne serez plus reli\u00e9 au sol donc aucun risque.\" \/>\n<meta name=\"robots\" content=\"index, follow, max-snippet:-1, max-image-preview:large, max-video-preview:-1\" \/>\n<link rel=\"canonical\" href=\"https:\/\/www.insulair-parapente.re\/index.php\/2019\/11\/14\/faire-du-parapente-a-la-reunion-meme-quand-on-a-le-vertige\/\" \/>\n<meta property=\"og:locale\" content=\"fr_FR\" \/>\n<meta property=\"og:type\" content=\"article\" \/>\n<meta property=\"og:title\" content=\"VERTIGE ET PARAPENTE\" \/>\n<meta property=\"og:description\" content=\"La pratique du parapente est tout \u00e0 fait compatible avec la notion de vertige car vous ne serez plus reli\u00e9 au sol donc aucun risque.\" \/>\n<meta property=\"og:url\" content=\"https:\/\/www.insulair-parapente.re\/index.php\/2019\/11\/14\/faire-du-parapente-a-la-reunion-meme-quand-on-a-le-vertige\/\" \/>\n<meta property=\"og:site_name\" content=\"Parapente R\u00e9union\" \/>\n<meta property=\"article:publisher\" content=\"https:\/\/www.facebook.com\/insulair.parapente.re\/?ref=bookmarks\" \/>\n<meta property=\"article:published_time\" content=\"2019-11-14T17:32:00+00:00\" \/>\n<meta property=\"article:modified_time\" content=\"2023-07-12T12:08:06+00:00\" \/>\n<meta property=\"og:image\" content=\"https:\/\/www.insulair-parapente.re\/wp-content\/uploads\/2022\/03\/cropped-YxlVrFji_400x400.jpg\" \/>\n\t<meta property=\"og:image:width\" content=\"512\" \/>\n\t<meta property=\"og:image:height\" content=\"512\" \/>\n\t<meta property=\"og:image:type\" content=\"image\/jpeg\" \/>\n<meta name=\"author\" content=\"Olivier MALTETE\" \/>\n<meta name=\"twitter:card\" content=\"summary_large_image\" \/>\n<meta name=\"twitter:label1\" content=\"\u00c9crit par\" \/>\n\t<meta name=\"twitter:data1\" content=\"Olivier MALTETE\" \/>\n\t<meta name=\"twitter:label2\" content=\"Dur\u00e9e de lecture estim\u00e9e\" \/>\n\t<meta name=\"twitter:data2\" content=\"1 minute\" \/>\n<!-- \/ Yoast SEO Premium plugin. -->","yoast_head_json":{"title":"VERTIGE ET PARAPENTE - Parapente R\u00e9union","description":"La pratique du parapente est tout \u00e0 fait compatible avec la notion de vertige car vous ne serez plus reli\u00e9 au sol donc aucun risque.","robots":{"index":"index","follow":"follow","max-snippet":"max-snippet:-1","max-image-preview":"max-image-preview:large","max-video-preview":"max-video-preview:-1"},"canonical":"https:\/\/www.insulair-parapente.re\/index.php\/2019\/11\/14\/faire-du-parapente-a-la-reunion-meme-quand-on-a-le-vertige\/","og_locale":"fr_FR","og_type":"article","og_title":"VERTIGE ET PARAPENTE","og_description":"La pratique du parapente est tout \u00e0 fait compatible avec la notion de vertige car vous ne serez plus reli\u00e9 au sol donc aucun risque.","og_url":"https:\/\/www.insulair-parapente.re\/index.php\/2019\/11\/14\/faire-du-parapente-a-la-reunion-meme-quand-on-a-le-vertige\/","og_site_name":"Parapente R\u00e9union","article_publisher":"https:\/\/www.facebook.com\/insulair.parapente.re\/?ref=bookmarks","article_published_time":"2019-11-14T17:32:00+00:00","article_modified_time":"2023-07-12T12:08:06+00:00","og_image":[{"width":512,"height":512,"url":"https:\/\/www.insulair-parapente.re\/wp-content\/uploads\/2022\/03\/cropped-YxlVrFji_400x400.jpg","type":"image\/jpeg"}],"author":"Olivier MALTETE","twitter_card":"summary_large_image","twitter_misc":{"\u00c9crit par":"Olivier MALTETE","Dur\u00e9e de lecture estim\u00e9e":"1 minute"},"schema":{"@context":"https:\/\/schema.org","@graph":[{"@type":"Article","@id":"https:\/\/www.insulair-parapente.re\/index.php\/2019\/11\/14\/faire-du-parapente-a-la-reunion-meme-quand-on-a-le-vertige\/#article","isPartOf":{"@id":"https:\/\/www.insulair-parapente.re\/index.php\/2019\/11\/14\/faire-du-parapente-a-la-reunion-meme-quand-on-a-le-vertige\/"},"author":{"name":"Olivier MALTETE","@id":"https:\/\/www.insulair-parapente.re\/#\/schema\/person\/88a1037ea184bdc0a0fa72544aa3c20d"},"headline":"VERTIGE ET PARAPENTE","datePublished":"2019-11-14T17:32:00+00:00","dateModified":"2023-07-12T12:08:06+00:00","mainEntityOfPage":{"@id":"https:\/\/www.insulair-parapente.re\/index.php\/2019\/11\/14\/faire-du-parapente-a-la-reunion-meme-quand-on-a-le-vertige\/"},"wordCount":107,"commentCount":5,"publisher":{"@id":"https:\/\/www.insulair-parapente.re\/#organization"},"articleSection":["Blog parapente"],"inLanguage":"fr-FR","potentialAction":[{"@type":"CommentAction","name":"Comment","target":["https:\/\/www.insulair-parapente.re\/index.php\/2019\/11\/14\/faire-du-parapente-a-la-reunion-meme-quand-on-a-le-vertige\/#respond"]}]},{"@type":"WebPage","@id":"https:\/\/www.insulair-parapente.re\/index.php\/2019\/11\/14\/faire-du-parapente-a-la-reunion-meme-quand-on-a-le-vertige\/","url":"https:\/\/www.insulair-parapente.re\/index.php\/2019\/11\/14\/faire-du-parapente-a-la-reunion-meme-quand-on-a-le-vertige\/","name":"VERTIGE ET PARAPENTE - Parapente R\u00e9union","isPartOf":{"@id":"https:\/\/www.insulair-parapente.re\/#website"},"datePublished":"2019-11-14T17:32:00+00:00","dateModified":"2023-07-12T12:08:06+00:00","description":"La pratique du parapente est tout \u00e0 fait compatible avec la notion de vertige car vous ne serez plus reli\u00e9 au sol donc aucun risque.","breadcrumb":{"@id":"https:\/\/www.insulair-parapente.re\/index.php\/2019\/11\/14\/faire-du-parapente-a-la-reunion-meme-quand-on-a-le-vertige\/#breadcrumb"},"inLanguage":"fr-FR","potentialAction":[{"@type":"ReadAction","target":["https:\/\/www.insulair-parapente.re\/index.php\/2019\/11\/14\/faire-du-parapente-a-la-reunion-meme-quand-on-a-le-vertige\/"]}]},{"@type":"BreadcrumbList","@id":"https:\/\/www.insulair-parapente.re\/index.php\/2019\/11\/14\/faire-du-parapente-a-la-reunion-meme-quand-on-a-le-vertige\/#breadcrumb","itemListElement":[{"@type":"ListItem","position":1,"name":"Accueil","item":"https:\/\/www.insulair-parapente.re\/"},{"@type":"ListItem","position":2,"name":"VERTIGE ET PARAPENTE"}]},{"@type":"WebSite","@id":"https:\/\/www.insulair-parapente.re\/#website","url":"https:\/\/www.insulair-parapente.re\/","name":"Insul'air Parapente","description":"Parapente la R\u00e9union \u00e0 Saint-Leu","publisher":{"@id":"https:\/\/www.insulair-parapente.re\/#organization"},"alternateName":"insulair parapente","potentialAction":[{"@type":"SearchAction","target":{"@type":"EntryPoint","urlTemplate":"https:\/\/www.insulair-parapente.re\/?s={search_term_string}"},"query-input":{"@type":"PropertyValueSpecification","valueRequired":true,"valueName":"search_term_string"}}],"inLanguage":"fr-FR"},{"@type":"Organization","@id":"https:\/\/www.insulair-parapente.re\/#organization","name":"insul'air parapente r\u00e9union","url":"https:\/\/www.insulair-parapente.re\/","logo":{"@type":"ImageObject","inLanguage":"fr-FR","@id":"https:\/\/www.insulair-parapente.re\/#\/schema\/logo\/image\/","url":"https:\/\/www.insulair-parapente.re\/wp-content\/uploads\/2022\/03\/cropped-logo-1.png","contentUrl":"https:\/\/www.insulair-parapente.re\/wp-content\/uploads\/2022\/03\/cropped-logo-1.png","width":150,"height":100,"caption":"insul'air parapente r\u00e9union"},"image":{"@id":"https:\/\/www.insulair-parapente.re\/#\/schema\/logo\/image\/"},"sameAs":["https:\/\/www.facebook.com\/insulair.parapente.re\/?ref=bookmarks"]},{"@type":"Person","@id":"https:\/\/www.insulair-parapente.re\/#\/schema\/person\/88a1037ea184bdc0a0fa72544aa3c20d","name":"Olivier MALTETE","image":{"@type":"ImageObject","inLanguage":"fr-FR","@id":"https:\/\/secure.gravatar.com\/avatar\/14af6d7182e66126590c7b7a04ede06205ed5a6d2da8a91ead3c17b95db78737?s=96&d=mm&r=g","url":"https:\/\/secure.gravatar.com\/avatar\/14af6d7182e66126590c7b7a04ede06205ed5a6d2da8a91ead3c17b95db78737?s=96&d=mm&r=g","contentUrl":"https:\/\/secure.gravatar.com\/avatar\/14af6d7182e66126590c7b7a04ede06205ed5a6d2da8a91ead3c17b95db78737?s=96&d=mm&r=g","caption":"Olivier MALTETE"},"sameAs":["http:\/\/insulair-parapente.re"],"url":"https:\/\/www.insulair-parapente.re\/index.php\/author\/admin3614\/"}]}},"_links":{"self":[{"href":"https:\/\/www.insulair-parapente.re\/index.php\/wp-json\/wp\/v2\/posts\/697","targetHints":{"allow":["GET"]}}],"collection":[{"href":"https:\/\/www.insulair-parapente.re\/index.php\/wp-json\/wp\/v2\/posts"}],"about":[{"href":"https:\/\/www.insulair-parapente.re\/index.php\/wp-json\/wp\/v2\/types\/post"}],"author":[{"embeddable":true,"href":"https:\/\/www.insulair-parapente.re\/index.php\/wp-json\/wp\/v2\/users\/1"}],"replies":[{"embeddable":true,"href":"https:\/\/www.insulair-parapente.re\/index.php\/wp-json\/wp\/v2\/comments?post=697"}],"version-history":[{"count":0,"href":"https:\/\/www.insulair-parapente.re\/index.php\/wp-json\/wp\/v2\/posts\/697\/revisions"}],"wp:attachment":[{"href":"https:\/\/www.insulair-parapente.re\/index.php\/wp-json\/wp\/v2\/media?parent=697"}],"wp:term":[{"taxonomy":"category","embeddable":true,"href":"https:\/\/www.insulair-parapente.re\/index.php\/wp-json\/wp\/v2\/categories?post=697"},{"taxonomy":"post_tag","embeddable":true,"href":"https:\/\/www.insulair-parapente.re\/index.php\/wp-json\/wp\/v2\/tags?post=697"}],"curies":[{"name":"wp","href":"https:\/\/api.w.org\/{rel}","templated":true}]}}